{"id":39762,"date":"2026-03-05T11:20:33","date_gmt":"2026-03-05T09:20:33","guid":{"rendered":"https:\/\/egcc.ee\/2026\/03\/05\/avame-stone-course-i-7-martsil\/"},"modified":"2026-03-11T18:31:58","modified_gmt":"2026-03-11T16:31:58","slug":"avaamme-stone-coursen-7-maaliskuuta","status":"publish","type":"post","link":"https:\/\/egcc.ee\/fi\/2026\/03\/05\/avaamme-stone-coursen-7-maaliskuuta\/","title":{"rendered":"Avaamme Stone Coursen 7. maaliskuuta"},"content":{"rendered":"\n<figure class=\"wp-block-image size-large\"><img loading=\"lazy\" decoding=\"async\" width=\"1024\" height=\"682\" src=\"https:\/\/egcc.ee\/wp-content\/uploads\/2024\/03\/20240303_Stone_Course-1024x682.jpg\" alt=\"Stone Course\" class=\"wp-image-22493\" srcset=\"https:\/\/egcc.ee\/wp-content\/uploads\/2024\/03\/20240303_Stone_Course-1024x682.jpg 1024w, https:\/\/egcc.ee\/wp-content\/uploads\/2024\/03\/20240303_Stone_Course-300x200.jpg 300w, https:\/\/egcc.ee\/wp-content\/uploads\/2024\/03\/20240303_Stone_Course-768x512.jpg 768w, https:\/\/egcc.ee\/wp-content\/uploads\/2024\/03\/20240303_Stone_Course-1536x1024.jpg 1536w, https:\/\/egcc.ee\/wp-content\/uploads\/2024\/03\/20240303_Stone_Course.jpg 2000w\" sizes=\"auto, (max-width: 1024px) 100vw, 1024px\" \/><\/figure>\n\n\n\n<div style=\"height:20px\" aria-hidden=\"true\" class=\"wp-block-spacer\"><\/div>\n\n\n\n<p>Ihanaa maaliskuun alkua, hyv\u00e4 golfari! Luminen talvi on vihdoin alkanut vet\u00e4yty\u00e4 vauhdilla, ja sen ansiosta p\u00e4\u00e4semme avaamaan Stone Coursen jo tulevana lauantaina 7. maaliskuuta. Pelaajat voivat nauttia kierroksesta yhdeks\u00e4ll\u00e4 v\u00e4yl\u00e4ll\u00e4, ja v\u00e4ylill\u00e4 2 ja 3 k\u00e4yt\u00f6ss\u00e4 ovat talvigreenit.<\/p>\n\n\n\n<p><strong>Huom!<\/strong> Jos sinulla ei viel\u00e4 ole pelioikeutta, kurkkaa ehdottomasti t\u00e4m\u00e4: <a href=\"https:\/\/egcc.ee\/2026\/01\/16\/kampaania-2026-manguoigused-soodushinnaga-kuni-13-aprillini\/\">pelioikeuden kampanjatarjous<\/a>.<\/p>\n\n\n\n<p>Muista varata oma tiiaikasi Chronogolfista.<\/p>\n\n\n<div class=\"d-flex\">\n    <a target=\"_blank\" href=\"https:\/\/www.chronogolf.com\/club\/estonian-golf-country-club\" class=\"btn btn-primary\">\n                Varaa tiiaika        <i class=\"bi bi-arrow-right\"><\/i>    <\/a>\n<\/div>\n\n\n<div style=\"height:40px\" aria-hidden=\"true\" class=\"wp-block-spacer\"><\/div>\n\n\n\n<h2 class=\"wp-block-heading\">Harjoitusalueet ja Driving Range ovat suljettuina<\/h2>\n\n\n\n<p>Driving Rangen rakennuksen wc-tilat ovat k\u00e4yt\u00f6ss\u00e4 ja pallokoneen vieress\u00e4 olevasta laatikosta l\u00f6yd\u00e4t tuloskortteja. Harjoitusalueilla oleskelu, k\u00e4vely ja puttailu on kuitenkin toistaiseksi ehdottomasti kielletty. Pidet\u00e4\u00e4n yhdess\u00e4 ymp\u00e4rist\u00f6 siistin\u00e4 \u2013 otathan roskat mukaasi sek\u00e4 parkkipaikalta ett\u00e4 kent\u00e4lt\u00e4.<\/p>\n\n\n\n<p>Seuraamalla kotisivujamme ja <a href=\"https:\/\/www.chronogolf.com\/club\/estonian-golf-country-club\" target=\"_blank\" rel=\"noreferrer noopener\">Chronogolfin<\/a> ilmoituksia saat nopeimmin tiedon harjoitusalueiden ja muiden palveluiden avautumisesta.<\/p>\n\n\n\n<div style=\"height:20px\" aria-hidden=\"true\" class=\"wp-block-spacer\"><\/div>\n\n\n\n<h2 class=\"wp-block-heading\">Sea Course on suljettu<\/h2>\n\n\n\n<p>Kent\u00e4nhoitotiimin johtajan Andri Schmidtin mukaan Sea Course tarvitsee viel\u00e4 aikaa sulaakseen ja valmistuakseen pelikuntoon. \u201dPystymme kertomaan kent\u00e4n kunnosta ja mahdollisesta avaamisesta tarkemmin aikaisintaan kuun lopussa\u201d, Andri kertoo. Kev\u00e4tty\u00f6t ovat kuitenkin jo t\u00e4ydess\u00e4 vauhdissa.<\/p>\n\n\n\n<div style=\"height:20px\" aria-hidden=\"true\" class=\"wp-block-spacer\"><\/div>\n\n\n\n<h2 class=\"wp-block-heading\">Klubitalo avaa ovensa 3. huhtikuuta<\/h2>\n\n\n\n<p>Pitk\u00e4perjantaista 3.4. alkaen k\u00e4yt\u00f6ss\u00e4 ovat pukuhuoneet, saunat, Pro Shop sek\u00e4 itsepalvelullinen kahvipiste.<\/p>\n\n\n\n<div class=\"wp-block-group\"><div class=\"wp-block-group__inner-container is-layout-constrained wp-block-group-is-layout-constrained\">\n<p><strong>Klubitalon aukioloajat huhtikuussa:<\/strong><\/p>\n\n\n\n<ul class=\"wp-block-list\">\n<li>ma\u2013su klo 9\u201321<\/li>\n<\/ul>\n<\/div><\/div>\n\n\n\n<div class=\"wp-block-group\"><div class=\"wp-block-group__inner-container is-layout-constrained wp-block-group-is-layout-constrained\">\n<div class=\"wp-block-group\"><div class=\"wp-block-group__inner-container is-layout-constrained wp-block-group-is-layout-constrained\">\n<p><strong>Caddiemasterin ja Pro Shopin aukioloajat:<\/strong><\/p>\n\n\n\n<ul class=\"wp-block-list\">\n<li>ma\u2013su klo 9\u201319<\/li>\n<\/ul>\n<\/div><\/div>\n\n\n\n<p><\/p>\n\n\n\n<div style=\"height:20px\" aria-hidden=\"true\" class=\"wp-block-spacer\"><\/div>\n<\/div><\/div>\n\n\n\n<h2 class=\"wp-block-heading\">Ravintola<\/h2>\n\n\n\n<p>Ravintola toivottaa kauden ensimm\u00e4iset vieraat tervetulleiksi <strong>lauantaina 11. huhtikuuta<\/strong>:<\/p>\n\n\n\n<ul class=\"wp-block-list\">\n<li>la\u2013su klo 11\u201319<br>(keitti\u00f6 sulkeutuu klo 18.30)<\/li>\n<\/ul>\n\n\n\n<p>\u201dHuhtikuussa olemme avoinna viikonloppuisin sek\u00e4 kilpailujen ja erikoistapahtumien aikaan. Aloitamme kevyemm\u00e4ll\u00e4 kev\u00e4tmenulla ja ravintola palvelee klo 11\u201319. Keitti\u00f6 menee kiinni tuttuun tapaan puoli tuntia aiemmin. Toukokuussa olemme avoinna joka p\u00e4iv\u00e4 ja siirrymme viimeist\u00e4\u00e4n kuun puoliv\u00e4liss\u00e4 p\u00e4\u00e4menuun\u201d, kertoo J\u00f5el\u00e4htme Da Vinci Golf -ravintolan johtaja Kersti Kuus.<\/p>\n\n\n\n<p>\u201dKlubitalon kahvipiste avautuu 3. huhtikuuta, mutta kentt\u00e4kahvilan avaaminen riippuu Sea Coursen avausp\u00e4iv\u00e4st\u00e4\u201d, Kersti lis\u00e4\u00e4.<\/p>\n\n\n\n<div style=\"height:20px\" aria-hidden=\"true\" class=\"wp-block-spacer\"><\/div>\n","protected":false},"excerpt":{"rendered":"<p>Luminen talvi on vihdoin alkanut vet\u00e4yty\u00e4 vauhdilla, ja sen ansiosta p\u00e4\u00e4semme avaamaan Stone Coursen jo tulevana lauantaina 7. maaliskuuta.<\/p>\n","protected":false},"author":2,"featured_media":22495,"comment_status":"closed","ping_status":"closed","sticky":false,"template":"","format":"standard","meta":{"_acf_changed":false,"ngg_post_thumbnail":0,"footnotes":""},"categories":[155],"tags":[],"class_list":["post-39762","post","type-post","status-publish","format-standard","has-post-thumbnail","hentry","category-2026-2"],"acf":[],"yoast_head":"<!-- This site is optimized with the Yoast SEO plugin v27.1.1 - https:\/\/yoast.com\/product\/yoast-seo-wordpress\/ -->\n<title>Avaamme Stone Coursen 7. maaliskuuta &#8211; Estonian Golf &amp; Country Club<\/title>\n<meta name=\"robots\" content=\"index, follow, max-snippet:-1, max-image-preview:large, max-video-preview:-1\" \/>\n<link rel=\"canonical\" href=\"https:\/\/egcc.ee\/fi\/2026\/03\/05\/avaamme-stone-coursen-7-maaliskuuta\/\" \/>\n<meta property=\"og:locale\" content=\"fi_FI\" \/>\n<meta property=\"og:type\" content=\"article\" \/>\n<meta property=\"og:title\" content=\"Avaamme Stone Coursen 7. maaliskuuta &#8211; Estonian Golf &amp; Country Club\" \/>\n<meta property=\"og:description\" content=\"Luminen talvi on vihdoin alkanut vet\u00e4yty\u00e4 vauhdilla, ja sen ansiosta p\u00e4\u00e4semme avaamaan Stone Coursen jo tulevana lauantaina 7. maaliskuuta.\" \/>\n<meta property=\"og:url\" content=\"https:\/\/egcc.ee\/fi\/2026\/03\/05\/avaamme-stone-coursen-7-maaliskuuta\/\" \/>\n<meta property=\"og:site_name\" content=\"Estonian Golf &amp; Country Club\" \/>\n<meta property=\"article:published_time\" content=\"2026-03-05T09:20:33+00:00\" \/>\n<meta property=\"article:modified_time\" content=\"2026-03-11T16:31:58+00:00\" \/>\n<meta property=\"og:image\" content=\"https:\/\/egcc.ee\/wp-content\/uploads\/2024\/03\/20240303_Stone_Course.jpg\" \/>\n\t<meta property=\"og:image:width\" content=\"2000\" \/>\n\t<meta property=\"og:image:height\" content=\"1333\" \/>\n\t<meta property=\"og:image:type\" content=\"image\/jpeg\" \/>\n<meta name=\"author\" content=\"Liana Kross\" \/>\n<meta name=\"twitter:card\" content=\"summary_large_image\" \/>\n<meta name=\"twitter:label1\" content=\"Kirjoittanut\" \/>\n\t<meta name=\"twitter:data1\" content=\"Liana Kross\" \/>\n\t<meta name=\"twitter:label2\" content=\"Arvioitu lukuaika\" \/>\n\t<meta name=\"twitter:data2\" content=\"2 minuuttia\" \/>\n<script type=\"application\/ld+json\" class=\"yoast-schema-graph\">{\"@context\":\"https:\/\/schema.org\",\"@graph\":[{\"@type\":\"Article\",\"@id\":\"https:\/\/egcc.ee\/fi\/2026\/03\/05\/avaamme-stone-coursen-7-maaliskuuta\/#article\",\"isPartOf\":{\"@id\":\"https:\/\/egcc.ee\/fi\/2026\/03\/05\/avaamme-stone-coursen-7-maaliskuuta\/\"},\"author\":{\"name\":\"Liana Kross\",\"@id\":\"https:\/\/egcc.ee\/fi\/#\/schema\/person\/9eecadd5ec2d46ed3f18fb18a9bcc5b1\"},\"headline\":\"Avaamme Stone Coursen 7. maaliskuuta\",\"datePublished\":\"2026-03-05T09:20:33+00:00\",\"dateModified\":\"2026-03-11T16:31:58+00:00\",\"mainEntityOfPage\":{\"@id\":\"https:\/\/egcc.ee\/fi\/2026\/03\/05\/avaamme-stone-coursen-7-maaliskuuta\/\"},\"wordCount\":284,\"publisher\":{\"@id\":\"https:\/\/egcc.ee\/fi\/#organization\"},\"image\":{\"@id\":\"https:\/\/egcc.ee\/fi\/2026\/03\/05\/avaamme-stone-coursen-7-maaliskuuta\/#primaryimage\"},\"thumbnailUrl\":\"https:\/\/egcc.ee\/wp-content\/uploads\/2024\/03\/20240303_Stone_Course.jpg\",\"articleSection\":[\"2026\"],\"inLanguage\":\"fi\"},{\"@type\":\"WebPage\",\"@id\":\"https:\/\/egcc.ee\/fi\/2026\/03\/05\/avaamme-stone-coursen-7-maaliskuuta\/\",\"url\":\"https:\/\/egcc.ee\/fi\/2026\/03\/05\/avaamme-stone-coursen-7-maaliskuuta\/\",\"name\":\"Avaamme Stone Coursen 7. maaliskuuta &#8211; Estonian Golf &amp; Country Club\",\"isPartOf\":{\"@id\":\"https:\/\/egcc.ee\/fi\/#website\"},\"primaryImageOfPage\":{\"@id\":\"https:\/\/egcc.ee\/fi\/2026\/03\/05\/avaamme-stone-coursen-7-maaliskuuta\/#primaryimage\"},\"image\":{\"@id\":\"https:\/\/egcc.ee\/fi\/2026\/03\/05\/avaamme-stone-coursen-7-maaliskuuta\/#primaryimage\"},\"thumbnailUrl\":\"https:\/\/egcc.ee\/wp-content\/uploads\/2024\/03\/20240303_Stone_Course.jpg\",\"datePublished\":\"2026-03-05T09:20:33+00:00\",\"dateModified\":\"2026-03-11T16:31:58+00:00\",\"breadcrumb\":{\"@id\":\"https:\/\/egcc.ee\/fi\/2026\/03\/05\/avaamme-stone-coursen-7-maaliskuuta\/#breadcrumb\"},\"inLanguage\":\"fi\",\"potentialAction\":[{\"@type\":\"ReadAction\",\"target\":[\"https:\/\/egcc.ee\/fi\/2026\/03\/05\/avaamme-stone-coursen-7-maaliskuuta\/\"]}]},{\"@type\":\"ImageObject\",\"inLanguage\":\"fi\",\"@id\":\"https:\/\/egcc.ee\/fi\/2026\/03\/05\/avaamme-stone-coursen-7-maaliskuuta\/#primaryimage\",\"url\":\"https:\/\/egcc.ee\/wp-content\/uploads\/2024\/03\/20240303_Stone_Course.jpg\",\"contentUrl\":\"https:\/\/egcc.ee\/wp-content\/uploads\/2024\/03\/20240303_Stone_Course.jpg\",\"width\":2000,\"height\":1333,\"caption\":\"Stone Course\"},{\"@type\":\"BreadcrumbList\",\"@id\":\"https:\/\/egcc.ee\/fi\/2026\/03\/05\/avaamme-stone-coursen-7-maaliskuuta\/#breadcrumb\",\"itemListElement\":[{\"@type\":\"ListItem\",\"position\":1,\"name\":\"Home\",\"item\":\"https:\/\/egcc.ee\/fi\/\"},{\"@type\":\"ListItem\",\"position\":2,\"name\":\"Avaamme Stone Coursen 7. maaliskuuta\"}]},{\"@type\":\"WebSite\",\"@id\":\"https:\/\/egcc.ee\/fi\/#website\",\"url\":\"https:\/\/egcc.ee\/fi\/\",\"name\":\"Estonian Golf &amp; Country Club\",\"description\":\"J\u00f5el\u00e4htmes saab golfi!\",\"publisher\":{\"@id\":\"https:\/\/egcc.ee\/fi\/#organization\"},\"potentialAction\":[{\"@type\":\"SearchAction\",\"target\":{\"@type\":\"EntryPoint\",\"urlTemplate\":\"https:\/\/egcc.ee\/fi\/?s={search_term_string}\"},\"query-input\":{\"@type\":\"PropertyValueSpecification\",\"valueRequired\":true,\"valueName\":\"search_term_string\"}}],\"inLanguage\":\"fi\"},{\"@type\":\"Organization\",\"@id\":\"https:\/\/egcc.ee\/fi\/#organization\",\"name\":\"Estonian Golf &amp; Country Club\",\"url\":\"https:\/\/egcc.ee\/fi\/\",\"logo\":{\"@type\":\"ImageObject\",\"inLanguage\":\"fi\",\"@id\":\"https:\/\/egcc.ee\/fi\/#\/schema\/logo\/image\/\",\"url\":\"https:\/\/egcc.ee\/wp-content\/uploads\/2023\/04\/EGCC_logo_150.png\",\"contentUrl\":\"https:\/\/egcc.ee\/wp-content\/uploads\/2023\/04\/EGCC_logo_150.png\",\"width\":150,\"height\":150,\"caption\":\"Estonian Golf &amp; Country Club\"},\"image\":{\"@id\":\"https:\/\/egcc.ee\/fi\/#\/schema\/logo\/image\/\"}},{\"@type\":\"Person\",\"@id\":\"https:\/\/egcc.ee\/fi\/#\/schema\/person\/9eecadd5ec2d46ed3f18fb18a9bcc5b1\",\"name\":\"Liana Kross\",\"image\":{\"@type\":\"ImageObject\",\"inLanguage\":\"fi\",\"@id\":\"https:\/\/egcc.ee\/fi\/#\/schema\/person\/image\/\",\"url\":\"https:\/\/secure.gravatar.com\/avatar\/1c8d75c5d12775feee552584bb2ce0023987afb3b8efc1cf012e4ef1ba656f7e?s=96&d=mm&r=g\",\"contentUrl\":\"https:\/\/secure.gravatar.com\/avatar\/1c8d75c5d12775feee552584bb2ce0023987afb3b8efc1cf012e4ef1ba656f7e?s=96&d=mm&r=g\",\"caption\":\"Liana Kross\"},\"url\":\"https:\/\/egcc.ee\/fi\/author\/liana\/\"}]}<\/script>\n<!-- \/ Yoast SEO plugin. -->","yoast_head_json":{"title":"Avaamme Stone Coursen 7. maaliskuuta &#8211; Estonian Golf &amp; Country Club","robots":{"index":"index","follow":"follow","max-snippet":"max-snippet:-1","max-image-preview":"max-image-preview:large","max-video-preview":"max-video-preview:-1"},"canonical":"https:\/\/egcc.ee\/fi\/2026\/03\/05\/avaamme-stone-coursen-7-maaliskuuta\/","og_locale":"fi_FI","og_type":"article","og_title":"Avaamme Stone Coursen 7. maaliskuuta &#8211; Estonian Golf &amp; Country Club","og_description":"Luminen talvi on vihdoin alkanut vet\u00e4yty\u00e4 vauhdilla, ja sen ansiosta p\u00e4\u00e4semme avaamaan Stone Coursen jo tulevana lauantaina 7. maaliskuuta.","og_url":"https:\/\/egcc.ee\/fi\/2026\/03\/05\/avaamme-stone-coursen-7-maaliskuuta\/","og_site_name":"Estonian Golf &amp; Country Club","article_published_time":"2026-03-05T09:20:33+00:00","article_modified_time":"2026-03-11T16:31:58+00:00","og_image":[{"width":2000,"height":1333,"url":"https:\/\/egcc.ee\/wp-content\/uploads\/2024\/03\/20240303_Stone_Course.jpg","type":"image\/jpeg"}],"author":"Liana Kross","twitter_card":"summary_large_image","twitter_misc":{"Kirjoittanut":"Liana Kross","Arvioitu lukuaika":"2 minuuttia"},"schema":{"@context":"https:\/\/schema.org","@graph":[{"@type":"Article","@id":"https:\/\/egcc.ee\/fi\/2026\/03\/05\/avaamme-stone-coursen-7-maaliskuuta\/#article","isPartOf":{"@id":"https:\/\/egcc.ee\/fi\/2026\/03\/05\/avaamme-stone-coursen-7-maaliskuuta\/"},"author":{"name":"Liana Kross","@id":"https:\/\/egcc.ee\/fi\/#\/schema\/person\/9eecadd5ec2d46ed3f18fb18a9bcc5b1"},"headline":"Avaamme Stone Coursen 7. maaliskuuta","datePublished":"2026-03-05T09:20:33+00:00","dateModified":"2026-03-11T16:31:58+00:00","mainEntityOfPage":{"@id":"https:\/\/egcc.ee\/fi\/2026\/03\/05\/avaamme-stone-coursen-7-maaliskuuta\/"},"wordCount":284,"publisher":{"@id":"https:\/\/egcc.ee\/fi\/#organization"},"image":{"@id":"https:\/\/egcc.ee\/fi\/2026\/03\/05\/avaamme-stone-coursen-7-maaliskuuta\/#primaryimage"},"thumbnailUrl":"https:\/\/egcc.ee\/wp-content\/uploads\/2024\/03\/20240303_Stone_Course.jpg","articleSection":["2026"],"inLanguage":"fi"},{"@type":"WebPage","@id":"https:\/\/egcc.ee\/fi\/2026\/03\/05\/avaamme-stone-coursen-7-maaliskuuta\/","url":"https:\/\/egcc.ee\/fi\/2026\/03\/05\/avaamme-stone-coursen-7-maaliskuuta\/","name":"Avaamme Stone Coursen 7. maaliskuuta &#8211; Estonian Golf &amp; Country Club","isPartOf":{"@id":"https:\/\/egcc.ee\/fi\/#website"},"primaryImageOfPage":{"@id":"https:\/\/egcc.ee\/fi\/2026\/03\/05\/avaamme-stone-coursen-7-maaliskuuta\/#primaryimage"},"image":{"@id":"https:\/\/egcc.ee\/fi\/2026\/03\/05\/avaamme-stone-coursen-7-maaliskuuta\/#primaryimage"},"thumbnailUrl":"https:\/\/egcc.ee\/wp-content\/uploads\/2024\/03\/20240303_Stone_Course.jpg","datePublished":"2026-03-05T09:20:33+00:00","dateModified":"2026-03-11T16:31:58+00:00","breadcrumb":{"@id":"https:\/\/egcc.ee\/fi\/2026\/03\/05\/avaamme-stone-coursen-7-maaliskuuta\/#breadcrumb"},"inLanguage":"fi","potentialAction":[{"@type":"ReadAction","target":["https:\/\/egcc.ee\/fi\/2026\/03\/05\/avaamme-stone-coursen-7-maaliskuuta\/"]}]},{"@type":"ImageObject","inLanguage":"fi","@id":"https:\/\/egcc.ee\/fi\/2026\/03\/05\/avaamme-stone-coursen-7-maaliskuuta\/#primaryimage","url":"https:\/\/egcc.ee\/wp-content\/uploads\/2024\/03\/20240303_Stone_Course.jpg","contentUrl":"https:\/\/egcc.ee\/wp-content\/uploads\/2024\/03\/20240303_Stone_Course.jpg","width":2000,"height":1333,"caption":"Stone Course"},{"@type":"BreadcrumbList","@id":"https:\/\/egcc.ee\/fi\/2026\/03\/05\/avaamme-stone-coursen-7-maaliskuuta\/#breadcrumb","itemListElement":[{"@type":"ListItem","position":1,"name":"Home","item":"https:\/\/egcc.ee\/fi\/"},{"@type":"ListItem","position":2,"name":"Avaamme Stone Coursen 7. maaliskuuta"}]},{"@type":"WebSite","@id":"https:\/\/egcc.ee\/fi\/#website","url":"https:\/\/egcc.ee\/fi\/","name":"Estonian Golf &amp; Country Club","description":"J\u00f5el\u00e4htmes saab golfi!","publisher":{"@id":"https:\/\/egcc.ee\/fi\/#organization"},"potentialAction":[{"@type":"SearchAction","target":{"@type":"EntryPoint","urlTemplate":"https:\/\/egcc.ee\/fi\/?s={search_term_string}"},"query-input":{"@type":"PropertyValueSpecification","valueRequired":true,"valueName":"search_term_string"}}],"inLanguage":"fi"},{"@type":"Organization","@id":"https:\/\/egcc.ee\/fi\/#organization","name":"Estonian Golf &amp; Country Club","url":"https:\/\/egcc.ee\/fi\/","logo":{"@type":"ImageObject","inLanguage":"fi","@id":"https:\/\/egcc.ee\/fi\/#\/schema\/logo\/image\/","url":"https:\/\/egcc.ee\/wp-content\/uploads\/2023\/04\/EGCC_logo_150.png","contentUrl":"https:\/\/egcc.ee\/wp-content\/uploads\/2023\/04\/EGCC_logo_150.png","width":150,"height":150,"caption":"Estonian Golf &amp; Country Club"},"image":{"@id":"https:\/\/egcc.ee\/fi\/#\/schema\/logo\/image\/"}},{"@type":"Person","@id":"https:\/\/egcc.ee\/fi\/#\/schema\/person\/9eecadd5ec2d46ed3f18fb18a9bcc5b1","name":"Liana Kross","image":{"@type":"ImageObject","inLanguage":"fi","@id":"https:\/\/egcc.ee\/fi\/#\/schema\/person\/image\/","url":"https:\/\/secure.gravatar.com\/avatar\/1c8d75c5d12775feee552584bb2ce0023987afb3b8efc1cf012e4ef1ba656f7e?s=96&d=mm&r=g","contentUrl":"https:\/\/secure.gravatar.com\/avatar\/1c8d75c5d12775feee552584bb2ce0023987afb3b8efc1cf012e4ef1ba656f7e?s=96&d=mm&r=g","caption":"Liana Kross"},"url":"https:\/\/egcc.ee\/fi\/author\/liana\/"}]}},"_links":{"self":[{"href":"https:\/\/egcc.ee\/fi\/wp-json\/wp\/v2\/posts\/39762","targetHints":{"allow":["GET"]}}],"collection":[{"href":"https:\/\/egcc.ee\/fi\/wp-json\/wp\/v2\/posts"}],"about":[{"href":"https:\/\/egcc.ee\/fi\/wp-json\/wp\/v2\/types\/post"}],"author":[{"embeddable":true,"href":"https:\/\/egcc.ee\/fi\/wp-json\/wp\/v2\/users\/2"}],"replies":[{"embeddable":true,"href":"https:\/\/egcc.ee\/fi\/wp-json\/wp\/v2\/comments?post=39762"}],"version-history":[{"count":5,"href":"https:\/\/egcc.ee\/fi\/wp-json\/wp\/v2\/posts\/39762\/revisions"}],"predecessor-version":[{"id":39918,"href":"https:\/\/egcc.ee\/fi\/wp-json\/wp\/v2\/posts\/39762\/revisions\/39918"}],"wp:featuredmedia":[{"embeddable":true,"href":"https:\/\/egcc.ee\/fi\/wp-json\/wp\/v2\/media\/22495"}],"wp:attachment":[{"href":"https:\/\/egcc.ee\/fi\/wp-json\/wp\/v2\/media?parent=39762"}],"wp:term":[{"taxonomy":"category","embeddable":true,"href":"https:\/\/egcc.ee\/fi\/wp-json\/wp\/v2\/categories?post=39762"},{"taxonomy":"post_tag","embeddable":true,"href":"https:\/\/egcc.ee\/fi\/wp-json\/wp\/v2\/tags?post=39762"}],"curies":[{"name":"wp","href":"https:\/\/api.w.org\/{rel}","templated":true}]}}